{"id":30948,"date":"2026-01-22T11:13:26","date_gmt":"2026-01-22T11:13:26","guid":{"rendered":"https:\/\/concettaprobanza.com\/?p=30948"},"modified":"2026-01-22T11:13:26","modified_gmt":"2026-01-22T11:13:26","slug":"concettaprobanza-com-blog-ilustradora-espanola-arte-crear-portadas-libros","status":"publish","type":"post","link":"https:\/\/concettaprobanza.com\/en\/concettaprobanza-com-blog-ilustradora-espanola-arte-crear-portadas-libros\/","title":{"rendered":"Ilustradora Espa\u00f1ola | El Arte de Crear Portadas de Libros"},"content":{"rendered":"<div id=\"model-response-message-contentr_1ecbdcc614139cb9\" class=\"markdown markdown-main-panel stronger enable-updated-hr-color\" dir=\"ltr\" aria-live=\"off\" aria-busy=\"false\">\n<p data-path-to-node=\"3\">Dicen que no se debe juzgar un libro por su portada. Sin embargo, <a href=\"https:\/\/concettaprobanza.com\/en\/contacto\/\" target=\"_blank\" rel=\"noopener\">como <b data-path-to-node=\"3\" data-index-in-node=\"71\">ilustradora espa\u00f1ola<\/b> <\/a>dedicada al mundo editorial desde hace m\u00e1s de dos d\u00e9cadas, s\u00e9 que esa primera piel es mucho m\u00e1s que un envoltorio protector. La portada es un umbral. Es la promesa visual de lo que el lector encontrar\u00e1 al cruzar la primera p\u00e1gina.<\/p>\n<p data-path-to-node=\"4\">En mi trayectoria, desde mis inicios en el grabado hasta la ilustraci\u00f3n digital, he aprendido que crear la cubierta de un libro no es decorar; es traducir. Es el delicado oficio de convertir miles de palabras en una sola imagen que respire, que sugiera y, sobre todo, que guarde silencio en los momentos adecuados.<\/p>\n<h2 data-path-to-node=\"3\">La Lectura: Donde Nace la Imagen<\/h2>\n<p data-path-to-node=\"4\">Para m\u00ed, la fase de lectura es el verdadero trabajo de campo. Es una excavaci\u00f3n arqueol\u00f3gica. Cuando recibo un manuscrito \u2014sea una novela de <i data-path-to-node=\"4\" data-index-in-node=\"141\">Erein<\/i> o un poemario \u00edntimo\u2014, no lo leo como lectora, lo leo como <b data-path-to-node=\"4\" data-index-in-node=\"206\">traductora<\/b>. Mi objetivo no es entretenerme con la trama, sino descifrar el c\u00f3digo sensorial que el autor ha escondido entre l\u00edneas.<\/p>\n<p data-path-to-node=\"5\">Este proceso de inmersi\u00f3n se divide en tres niveles de profundidad:<\/p>\n<h3 data-path-to-node=\"6\">La Temperatura y la Textura del Texto<\/h3>\n<p data-path-to-node=\"7\">Lo primero que busco no son personajes, sino la atm\u00f3sfera. \u00bfQu\u00e9 temperatura tiene este relato?<\/p>\n<ul data-path-to-node=\"8\">\n<li>\n<p data-path-to-node=\"8,0,0\">Hay textos <b data-path-to-node=\"8,0,0\" data-index-in-node=\"11\">fr\u00edos y met\u00e1licos<\/b>, que piden l\u00edneas finas, mucho espacio en blanco y una paleta de azules gris\u00e1ceos o negros profundos.<\/p>\n<\/li>\n<li>\n<p data-path-to-node=\"8,1,0\">Hay textos <b data-path-to-node=\"8,1,0\" data-index-in-node=\"11\">org\u00e1nicos y rugosos<\/b>, llenos de tierra y pasiones humanas, que me piden volver al origen: texturas que recuerden a la madera tallada, al grano del papel, colores ocres y rojos oxidados.<\/p>\n<\/li>\n<\/ul>\n<p data-path-to-node=\"9\">Como ilustradora que viene del grabado, a menudo \u00abtoco\u00bb el texto antes de verlo. Me pregunto: si pudiera pasar la mano por estas p\u00e1ginas, \u00bfser\u00edan suaves como la seda o rasposas como la corteza de un \u00e1rbol? Esa respuesta t\u00e1ctil es la que define el estilo visual de la cubierta.<\/p>\n<h3 data-path-to-node=\"10\">La B\u00fasqueda del S\u00edmbolo (La Sin\u00e9cdoque Visual)<\/h3>\n<p data-path-to-node=\"11\">El error m\u00e1s com\u00fan en la ilustraci\u00f3n editorial es ser literal. Si el protagonista pierde las llaves en un bosque, dibujar unas llaves y un \u00e1rbol es redundante; el texto ya lo dice.<\/p>\n<p data-path-to-node=\"12\">Mi trabajo consiste en encontrar la <b data-path-to-node=\"12\" data-index-in-node=\"36\">met\u00e1fora<\/b>. Aplico la l\u00f3gica de la \u00abmirada hacia lo peque\u00f1o\u00bb que aprend\u00ed de mi padre. Quiz\u00e1s la soledad de ese personaje no se representa con su rostro triste, sino con una silla vac\u00eda en una habitaci\u00f3n inmensa, o con un p\u00e1jaro con el ala rota. Busco ese peque\u00f1o detalle \u2014un objeto, una sombra, un gesto\u2014 que contenga la esencia de toda la historia. Es la parte por el todo. Es sugerir para que el lector complete la imagen en su cabeza.<\/p>\n<h3 data-path-to-node=\"13\">El Ritmo y el Silencio<\/h3>\n<p data-path-to-node=\"14\">Especialmente en la poes\u00eda, el silencio es tan importante como la palabra. Al leer, anoto los ritmos: \u00bfEs un texto r\u00e1pido y ca\u00f3tico? \u00bfO es lento, pausado, contemplativo?<\/p>\n<p data-path-to-node=\"15\">La ilustraci\u00f3n debe respetar ese ritmo musical. Una cubierta no puede \u00abgritar\u00bb si el contenido susurra. Mi composici\u00f3n visual intenta imitar la cadencia del escritor. A veces, eso significa dejar grandes espacios vac\u00edos en la portada, permitiendo que la imagen respire, creando un remanso de paz visual que prepara al lector para la introspecci\u00f3n.<\/p>\n<blockquote>\n<p data-path-to-node=\"16,0\"><b data-path-to-node=\"16,0\" data-index-in-node=\"0\">Mi nota al margen:<\/b> <i data-path-to-node=\"16,0\" data-index-in-node=\"19\">\u00abNunca empiezo a bocetar hasta que no tengo una frase, una sola frase del libro, subrayada y anotada en mi cuaderno. Esa frase se convierte en la semilla de la imagen. A partir de ah\u00ed, todo crece.\u00bb<\/i><\/p>\n<\/blockquote>\n<h2 data-path-to-node=\"3\">De la Materia al P\u00edxel: Un Proceso H\u00edbrido (Desarrollo en Profundidad)<\/h2>\n<p data-path-to-node=\"4\">Vivimos en la era de la imagen inmediata y pulida, pero mi formaci\u00f3n en Bellas Artes y mi especializaci\u00f3n en grabado me ense\u00f1aron una lecci\u00f3n que la pantalla no puede replicar: <b data-path-to-node=\"4\" data-index-in-node=\"177\">la resistencia del material<\/b>.<\/p>\n<p data-path-to-node=\"5\">Cuando trabajas con madera, lin\u00f3leo o una plancha de cobre, el material \u00abse queja\u00bb. Tienes que ejercer fuerza f\u00edsica, pelear con la veta, mancharte las manos de tinta y aceptar que no existe el comando \u00abDeshacer\u00bb (Ctrl+Z). Esa lucha f\u00edsica deja una huella, una imperfecci\u00f3n vibrante que es, en esencia, la firma de lo humano.<\/p>\n<h3 data-path-to-node=\"6\">El Laboratorio Anal\u00f3gico: La Mancha y el Error<\/h3>\n<p data-path-to-node=\"7\">Mi proceso creativo rara vez empieza frente al ordenador. Empieza en el papel, con pinceles, tintas, grafito o texturas creadas manualmente. En esta fase, busco lo que llamo el \u00abaccidente feliz\u00bb.<\/p>\n<ul data-path-to-node=\"8\">\n<li>\n<p data-path-to-node=\"8,0,0\"><b data-path-to-node=\"8,0,0\" data-index-in-node=\"0\">La textura real:<\/b> A veces, froto un papel sobre una superficie rugosa que encontr\u00e9 en un viaje, o dejo que la acuarela se seque de forma irregular. Busco el grano, el ruido, la suciedad est\u00e9tica.<\/p>\n<\/li>\n<li>\n<p data-path-to-node=\"8,1,0\"><b data-path-to-node=\"8,1,0\" data-index-in-node=\"0\">La huella del gesto:<\/b> La l\u00ednea digital es matem\u00e1ticamente perfecta, y por tanto, fr\u00eda. La l\u00ednea trazada a mano tiene un pulso, una variaci\u00f3n de grosor que respira. Esa vacilaci\u00f3n del trazo es donde reside la emoci\u00f3n.<\/p>\n<\/li>\n<\/ul>\n<h3 data-path-to-node=\"9\">La Traducci\u00f3n Digital: Limpiar sin Esterilizar<\/h3>\n<p data-path-to-node=\"10\">El salto al ordenador es el segundo acto. Aqu\u00ed es donde act\u00fao como \u00abeditora\u00bb de mi propia obra. Utilizo el entorno digital (el dibujo vectorial, la tableta gr\u00e1fica) no para corregir la humanidad del dibujo, sino para potenciarla.<\/p>\n<p data-path-to-node=\"11\">El gran peligro del dise\u00f1o vectorial es la asepsia: crear im\u00e1genes tan limpias que parecen logotipos corporativos. Mi desaf\u00edo t\u00e9cnico es <b data-path-to-node=\"11\" data-index-in-node=\"137\">vectorizar el alma<\/b>. Trabajo el p\u00edxel y el vector intentando que conserven la memoria de la madera o del acr\u00edlico. Mantengo los bordes irregulares, superpongo capas con opacidades para imitar las veladuras del \u00f3leo y elijo paletas de colores que, aunque sean digitales, recuerden a los pigmentos naturales (tierras, \u00f3xidos, azules \u00edndigo).<\/p>\n<h3 data-path-to-node=\"12\">La Influencia de la Etnograf\u00eda Visual<\/h3>\n<p data-path-to-node=\"13\">Este hibridismo tambi\u00e9n bebe de mis cuadernos de viaje. Los patrones de los tejidos en Senegal, las texturas de las maderas en los templos de Indonesia o la caligraf\u00eda de Jap\u00f3n no son digitales; son profundamente mat\u00e9ricos.<\/p>\n<p data-path-to-node=\"14\">Al trasladar esas referencias a una portada de libro moderna, estoy haciendo un ejercicio de mestizaje. Utilizo herramientas del siglo XXI para componer y maquetar, pero el \u00abalfabeto visual\u00bb que uso es ancestral y org\u00e1nico.<\/p>\n<blockquote data-path-to-node=\"15\">\n<p data-path-to-node=\"15,0\"><b data-path-to-node=\"15,0\" data-index-in-node=\"0\">En resumen:<\/b> <i data-path-to-node=\"15,0\" data-index-in-node=\"12\">\u00abMi pantalla es solo un lienzo m\u00e1s sofisticado. El ordenador me da libertad compositiva y rapidez para la industria editorial, pero mis manos siguen pensando como las de una grabadora. No busco la perfecci\u00f3n del p\u00edxel, busco la calidez de la huella.\u00bb<\/i><\/p>\n<\/blockquote>\n<h2 data-path-to-node=\"13\">El Reto de la Poes\u00eda<\/h2>\n<p data-path-to-node=\"14\">Si la narrativa exige estructura, la poes\u00eda exige libertad. He tenido el privilegio de ilustrar obras de poetas como Jos\u00e9 Luis Padr\u00f3n o Miren Agur Meabe, y el reto aqu\u00ed es may\u00fasculo. La poes\u00eda no se ilustra describi\u00e9ndola; se ilustra acompa\u00f1\u00e1ndola.<\/p>\n<p data-path-to-node=\"15\">Una buena portada de poes\u00eda no debe desvelar el misterio, sino invitar a \u00e9l. Debe ser una met\u00e1fora visual que dialogue con los versos sin imponer una interpretaci\u00f3n cerrada. Es aqu\u00ed donde mi faceta de <b data-path-to-node=\"15\" data-index-in-node=\"201\">ilustradora espa\u00f1ola<\/b> encuentra su mayor disfrute: en la capacidad de usar la abstracci\u00f3n y el simbolismo para evocar emociones que las palabras solo insin\u00faan.<\/p>\n<h2 data-path-to-node=\"16\">La Imagen que Perdura<\/h2>\n<p data-path-to-node=\"17\"><a href=\"https:\/\/concettaprobanza.com\/en\/ilustraciones\/\" target=\"_blank\" rel=\"noopener\">Crear una portada es asumir una responsabilidad con el autor y con el lector.<\/a> Es ser la primera voz que habla en nombre de la obra.<\/p>\n<p data-path-to-node=\"18\">Ya sea para una editorial consolidada como Erein o Elkar, o para un proyecto independiente, mi objetivo siempre es el mismo: crear una imagen que no caduque. Que, al igual que las buenas historias, gane matices con el tiempo y permanezca en la retina del lector mucho despu\u00e9s de haber cerrado el libro.<\/p>\n<h3 data-path-to-node=\"4\">De la Idea al Papel: 3 Casos de Estudio<\/h3>\n<p data-path-to-node=\"5\">La teor\u00eda cobra vida en la mesa de trabajo. Para que comprend\u00e1is mejor mi proceso como <b data-path-to-node=\"5\" data-index-in-node=\"87\">ilustradora espa\u00f1ola<\/b> especializada en el sector editorial, he seleccionado tres proyectos donde el viaje desde el boceto inicial hasta la cubierta final fue especialmente revelador.<\/p>\n<h4 data-path-to-node=\"6\">Caso 1: La s\u00edntesis del sentimiento<\/h4>\n<p data-path-to-node=\"7\"><b data-path-to-node=\"7\" data-index-in-node=\"0\">Libro:<\/b> <a href=\"https:\/\/www.youtube.com\/watch?v=Cu9waujRk-4\" target=\"_blank\" rel=\"noopener\"><i data-path-to-node=\"7\" data-index-in-node=\"7\">Zer da ba maitasuna? (\u00bfQu\u00e9 es el amor, sino&#8230;?)<\/i> \u2013 Miren Agur Meabe.<\/a><\/p>\n<ul data-path-to-node=\"8\">\n<li>\n<p data-path-to-node=\"8,0,0\"><b data-path-to-node=\"8,0,0\" data-index-in-node=\"0\">El Reto:<\/b> Ilustrar un concepto tan universal y manido como el \u00abamor\u00bb para un p\u00fablico juvenil sin caer en los clich\u00e9s de corazones y color rosa. El texto de Miren era visceral, honesto y directo.<\/p>\n<\/li>\n<li>\n<p data-path-to-node=\"8,1,0\"><b data-path-to-node=\"8,1,0\" data-index-in-node=\"0\">El Proceso:<\/b> Los primeros bocetos eran demasiado figurativos, parejas y miradas. Decid\u00ed limpiar. Fui eliminando elementos hasta quedarme con la met\u00e1fora: el amor como un hilo que nos une o nos enreda.<\/p>\n<\/li>\n<li>\n<p data-path-to-node=\"8,2,0\"><b data-path-to-node=\"8,2,0\" data-index-in-node=\"0\">El Resultado:<\/b> Una cubierta donde la l\u00ednea y el espacio en blanco tienen tanto peso como el dibujo. Una imagen que invita a la reflexi\u00f3n antes de abrir el libro.<\/p>\n<\/li>\n<\/ul>\n<p data-path-to-node=\"9\"><img fetchpriority=\"high\" decoding=\"async\" class=\"alignnone  wp-image-29933\" src=\"https:\/\/concettaprobanza.com\/wp-content\/uploads\/2025\/04\/CUBZerdaMaitasuna-300x144.jpg\" alt=\"Una cubierta donde la l\u00ednea y el espacio en blanco tienen tanto peso como el dibujo. Una imagen que invita a la reflexi\u00f3n antes de abrir el libro.\" width=\"600\" height=\"288\" srcset=\"https:\/\/concettaprobanza.com\/wp-content\/uploads\/2025\/04\/CUBZerdaMaitasuna-300x144.jpg 300w, https:\/\/concettaprobanza.com\/wp-content\/uploads\/2025\/04\/CUBZerdaMaitasuna-1024x492.jpg 1024w, https:\/\/concettaprobanza.com\/wp-content\/uploads\/2025\/04\/CUBZerdaMaitasuna-768x369.jpg 768w, https:\/\/concettaprobanza.com\/wp-content\/uploads\/2025\/04\/CUBZerdaMaitasuna-1536x738.jpg 1536w, https:\/\/concettaprobanza.com\/wp-content\/uploads\/2025\/04\/CUBZerdaMaitasuna-2048x984.jpg 2048w, https:\/\/concettaprobanza.com\/wp-content\/uploads\/2025\/04\/CUBZerdaMaitasuna-600x288.jpg 600w\" sizes=\"(max-width: 600px) 100vw, 600px\" \/><\/p>\n<h4 data-path-to-node=\"10\">Caso 2: Texturas que narran viajes<\/h4>\n<p data-path-to-node=\"11\"><b data-path-to-node=\"11\" data-index-in-node=\"0\">Libro:<\/b> <i data-path-to-node=\"11\" data-index-in-node=\"7\">Izurderen bidaia (El viaje del delf\u00edn)<\/i> \u2013 Ixiar Rozas.<\/p>\n<ul data-path-to-node=\"12\">\n<li>\n<p data-path-to-node=\"12,0,0\"><b data-path-to-node=\"12,0,0\" data-index-in-node=\"0\">El Reto:<\/b> Capturar el movimiento del mar y la sensaci\u00f3n de traves\u00eda manteniendo mi estilo caracter\u00edstico, que bebe del grabado en madera y las texturas org\u00e1nicas, a menudo m\u00e1s est\u00e1ticas y \u00abterrestres\u00bb.<\/p>\n<\/li>\n<li>\n<p data-path-to-node=\"12,1,0\"><b data-path-to-node=\"12,1,0\" data-index-in-node=\"0\">El Proceso:<\/b> Trabaj\u00e9 mucho la direcci\u00f3n del trazo. En lugar de dibujar el agua de forma realista, utilic\u00e9 la repetici\u00f3n de l\u00edneas y tramas para crear un ritmo visual que sugiriera oleaje. La influencia de mis viajes y la est\u00e9tica del batik indonesio se filtraron en la composici\u00f3n de los fondos.<\/p>\n<\/li>\n<li>\n<p data-path-to-node=\"12,2,0\"><b data-path-to-node=\"12,2,0\" data-index-in-node=\"0\">El Resultado:<\/b> Una cubierta que vibra. No es una foto del mar, es la <i data-path-to-node=\"12,2,0\" data-index-in-node=\"68\">sensaci\u00f3n<\/i> del mar vista a trav\u00e9s de una lente artesanal.<\/p>\n<\/li>\n<\/ul>\n<p data-path-to-node=\"13\"><img decoding=\"async\" class=\"alignnone  wp-image-30808\" src=\"https:\/\/concettaprobanza.com\/wp-content\/uploads\/2025\/04\/CUB_Izurderen-bidaia-300x300.jpg\" alt=\"observa c\u00f3mo la textura no busca ser &quot;agua realista&quot; (tipo foto), sino que utiliza tramas y l\u00edneas repetitivas muy propias del grabado para generar el ritmo del oleaje\" width=\"552\" height=\"552\" srcset=\"https:\/\/concettaprobanza.com\/wp-content\/uploads\/2025\/04\/CUB_Izurderen-bidaia-300x300.jpg 300w, https:\/\/concettaprobanza.com\/wp-content\/uploads\/2025\/04\/CUB_Izurderen-bidaia-150x150.jpg 150w, https:\/\/concettaprobanza.com\/wp-content\/uploads\/2025\/04\/CUB_Izurderen-bidaia-12x12.jpg 12w, https:\/\/concettaprobanza.com\/wp-content\/uploads\/2025\/04\/CUB_Izurderen-bidaia-500x500.jpg 500w, https:\/\/concettaprobanza.com\/wp-content\/uploads\/2025\/04\/CUB_Izurderen-bidaia-600x600.jpg 600w, https:\/\/concettaprobanza.com\/wp-content\/uploads\/2025\/04\/CUB_Izurderen-bidaia-100x100.jpg 100w, https:\/\/concettaprobanza.com\/wp-content\/uploads\/2025\/04\/CUB_Izurderen-bidaia.jpg 675w\" sizes=\"(max-width: 552px) 100vw, 552px\" \/><\/p>\n<h4 data-path-to-node=\"14\">Caso 3: La poes\u00eda en el detalle<\/h4>\n<p data-path-to-node=\"15\"><b data-path-to-node=\"15\" data-index-in-node=\"0\">Libro:<\/b> <i data-path-to-node=\"15\" data-index-in-node=\"7\">Txori erratuen bilera (Reuni\u00f3n de p\u00e1jaros errantes)<\/i> \u2013 Jose Luis Padr\u00f3n.<\/p>\n<ul data-path-to-node=\"16\">\n<li>\n<p data-path-to-node=\"16,0,0\"><b data-path-to-node=\"16,0,0\" data-index-in-node=\"0\">El Reto:<\/b> Acompa\u00f1ar la poes\u00eda de Padr\u00f3n, que est\u00e1 llena de silencios y naturaleza. La cubierta no pod\u00eda ser \u00abruidosa\u00bb.<\/p>\n<\/li>\n<li>\n<p data-path-to-node=\"16,1,0\"><b data-path-to-node=\"16,1,0\" data-index-in-node=\"0\">El Proceso:<\/b> Record\u00e9 aquella lecci\u00f3n de mi padre sobre la paloma. Me centr\u00e9 en lo peque\u00f1o. En lugar de dibujar una bandada ca\u00f3tica (la \u00abreuni\u00f3n\u00bb), me enfoqu\u00e9 en la individualidad del p\u00e1jaro, en su fragilidad. Us\u00e9 una paleta de colores sobria, dejando que la textura hiciera el trabajo sucio.<\/p>\n<\/li>\n<li>\n<p data-path-to-node=\"16,2,0\"><b data-path-to-node=\"16,2,0\" data-index-in-node=\"0\">El Resultado:<\/b> Una imagen que funciona como un haiku visual. Sencilla, pero con una carga emotiva que prepara al lector para la sensibilidad de los versos que encontrar\u00e1 dentro.<\/p>\n<\/li>\n<\/ul>\n<p data-path-to-node=\"17\"><img decoding=\"async\" class=\"alignnone  wp-image-30950\" src=\"https:\/\/concettaprobanza.com\/wp-content\/uploads\/2026\/01\/31bKXRZhEjL-189x300.jpg\" alt=\"\" width=\"358\" height=\"568\" srcset=\"https:\/\/concettaprobanza.com\/wp-content\/uploads\/2026\/01\/31bKXRZhEjL-189x300.jpg 189w, https:\/\/concettaprobanza.com\/wp-content\/uploads\/2026\/01\/31bKXRZhEjL-8x12.jpg 8w, https:\/\/concettaprobanza.com\/wp-content\/uploads\/2026\/01\/31bKXRZhEjL.jpg 315w\" sizes=\"(max-width: 358px) 100vw, 358px\" \/><\/p>\n<p data-path-to-node=\"22\">\n<\/div>","protected":false},"excerpt":{"rendered":"<p>Dicen que no se debe juzgar un libro por su portada. Sin embargo, como ilustradora espa\u00f1ola dedicada al&#8230;<\/p>","protected":false},"author":2,"featured_media":30952,"comment_status":"open","ping_status":"open","sticky":false,"template":"","format":"standard","meta":{"_acf_changed":false,"footnotes":""},"categories":[82,81,78,83,80,79],"tags":[89,88,87,90,86,84,85],"class_list":["post-30948","post","type-post","status-publish","format-standard","has-post-thumbnail","hentry","category-arte-y-literatura","category-diseno-de-cubiertas","category-eliminar-el-termino-ilustradora-espanola-ilustradora-espanola","category-ilustracion-conceptual","category-ilustracion-editorial","category-portadas-de-libros","tag-arte-y-literatura","tag-concetta-probanza","tag-diseno-de-cubiertas","tag-ilustracion-conceptual","tag-ilustracion-editorial","tag-ilustradora-espanola","tag-portadas-de-libros"],"acf":[],"yoast_head":"<!-- This site is optimized with the Yoast SEO plugin v25.6 - https:\/\/yoast.com\/wordpress\/plugins\/seo\/ -->\n<title>Ilustradora Espa\u00f1ola | El Arte de Crear Portadas de Libros - Concetta Probanza<\/title>\n<meta name=\"description\" content=\"\u00bfC\u00f3mo se traduce la poes\u00eda a una imagen? Concetta Probanza desvela su proceso creativo: de la textura del grabado a la portada editorial.\" \/>\n<meta name=\"robots\" content=\"index, follow, max-snippet:-1, max-image-preview:large, max-video-preview:-1\" \/>\n<link rel=\"canonical\" href=\"https:\/\/concettaprobanza.com\/en\/concettaprobanza-com-blog-ilustradora-espanola-arte-crear-portadas-libros\/\" \/>\n<meta property=\"og:locale\" content=\"en_GB\" \/>\n<meta property=\"og:type\" content=\"article\" \/>\n<meta property=\"og:title\" content=\"Ilustradora Espa\u00f1ola | El Arte de Crear Portadas de Libros - Concetta Probanza\" \/>\n<meta property=\"og:description\" content=\"\u00bfC\u00f3mo se traduce la poes\u00eda a una imagen? Concetta Probanza desvela su proceso creativo: de la textura del grabado a la portada editorial.\" \/>\n<meta property=\"og:url\" content=\"https:\/\/concettaprobanza.com\/en\/concettaprobanza-com-blog-ilustradora-espanola-arte-crear-portadas-libros\/\" \/>\n<meta property=\"og:site_name\" content=\"Concetta Probanza\" \/>\n<meta property=\"article:published_time\" content=\"2026-01-22T11:13:26+00:00\" \/>\n<meta property=\"og:image\" content=\"https:\/\/concettaprobanza.com\/wp-content\/uploads\/2026\/01\/Imagen-pegada.png\" \/>\n\t<meta property=\"og:image:width\" content=\"534\" \/>\n\t<meta property=\"og:image:height\" content=\"554\" \/>\n\t<meta property=\"og:image:type\" content=\"image\/png\" \/>\n<meta name=\"author\" content=\"jw2geq\" \/>\n<meta name=\"twitter:card\" content=\"summary_large_image\" \/>\n<meta name=\"twitter:label1\" content=\"Written by\" \/>\n\t<meta name=\"twitter:data1\" content=\"jw2geq\" \/>\n\t<meta name=\"twitter:label2\" content=\"Estimated reading time\" \/>\n\t<meta name=\"twitter:data2\" content=\"8 minutes\" \/>\n<script type=\"application\/ld+json\" class=\"yoast-schema-graph\">{\"@context\":\"https:\/\/schema.org\",\"@graph\":[{\"@type\":\"WebPage\",\"@id\":\"https:\/\/concettaprobanza.com\/concettaprobanza-com-blog-ilustradora-espanola-arte-crear-portadas-libros\/\",\"url\":\"https:\/\/concettaprobanza.com\/concettaprobanza-com-blog-ilustradora-espanola-arte-crear-portadas-libros\/\",\"name\":\"Ilustradora Espa\u00f1ola | El Arte de Crear Portadas de Libros - Concetta Probanza\",\"isPartOf\":{\"@id\":\"https:\/\/concettaprobanza.com\/#website\"},\"primaryImageOfPage\":{\"@id\":\"https:\/\/concettaprobanza.com\/concettaprobanza-com-blog-ilustradora-espanola-arte-crear-portadas-libros\/#primaryimage\"},\"image\":{\"@id\":\"https:\/\/concettaprobanza.com\/concettaprobanza-com-blog-ilustradora-espanola-arte-crear-portadas-libros\/#primaryimage\"},\"thumbnailUrl\":\"https:\/\/concettaprobanza.com\/wp-content\/uploads\/2026\/01\/Imagen-pegada.png\",\"datePublished\":\"2026-01-22T11:13:26+00:00\",\"author\":{\"@id\":\"https:\/\/concettaprobanza.com\/#\/schema\/person\/e7b2bbbf148ecb746d5eed3966f2ff3a\"},\"description\":\"\u00bfC\u00f3mo se traduce la poes\u00eda a una imagen? Concetta Probanza desvela su proceso creativo: de la textura del grabado a la portada editorial.\",\"breadcrumb\":{\"@id\":\"https:\/\/concettaprobanza.com\/concettaprobanza-com-blog-ilustradora-espanola-arte-crear-portadas-libros\/#breadcrumb\"},\"inLanguage\":\"en-GB\",\"potentialAction\":[{\"@type\":\"ReadAction\",\"target\":[\"https:\/\/concettaprobanza.com\/concettaprobanza-com-blog-ilustradora-espanola-arte-crear-portadas-libros\/\"]}]},{\"@type\":\"ImageObject\",\"inLanguage\":\"en-GB\",\"@id\":\"https:\/\/concettaprobanza.com\/concettaprobanza-com-blog-ilustradora-espanola-arte-crear-portadas-libros\/#primaryimage\",\"url\":\"https:\/\/concettaprobanza.com\/wp-content\/uploads\/2026\/01\/Imagen-pegada.png\",\"contentUrl\":\"https:\/\/concettaprobanza.com\/wp-content\/uploads\/2026\/01\/Imagen-pegada.png\",\"width\":534,\"height\":554,\"caption\":\"imagen copnceptual\"},{\"@type\":\"BreadcrumbList\",\"@id\":\"https:\/\/concettaprobanza.com\/concettaprobanza-com-blog-ilustradora-espanola-arte-crear-portadas-libros\/#breadcrumb\",\"itemListElement\":[{\"@type\":\"ListItem\",\"position\":1,\"name\":\"Portada\",\"item\":\"https:\/\/concettaprobanza.com\/\"},{\"@type\":\"ListItem\",\"position\":2,\"name\":\"Ilustradora Espa\u00f1ola | El Arte de Crear Portadas de Libros\"}]},{\"@type\":\"WebSite\",\"@id\":\"https:\/\/concettaprobanza.com\/#website\",\"url\":\"https:\/\/concettaprobanza.com\/\",\"name\":\"Concetta Probanza\",\"description\":\"Concetta Probanza es una ilustradora con formaci\u00f3n en Bellas Artes y grabado, cuya trayectoria lo llev\u00f3 del lienzo y la madera al mundo editorial y el arte digital. Sus ilustraciones, llenas de detalle y sensibilidad, evocan los paisajes y culturas que descubri\u00f3 en sus viajes por Senegal, Camer\u00fan, Indonesia y Jap\u00f3n.\",\"potentialAction\":[{\"@type\":\"SearchAction\",\"target\":{\"@type\":\"EntryPoint\",\"urlTemplate\":\"https:\/\/concettaprobanza.com\/?s={search_term_string}\"},\"query-input\":{\"@type\":\"PropertyValueSpecification\",\"valueRequired\":true,\"valueName\":\"search_term_string\"}}],\"inLanguage\":\"en-GB\"},{\"@type\":\"Person\",\"@id\":\"https:\/\/concettaprobanza.com\/#\/schema\/person\/e7b2bbbf148ecb746d5eed3966f2ff3a\",\"name\":\"jw2geq\",\"image\":{\"@type\":\"ImageObject\",\"inLanguage\":\"en-GB\",\"@id\":\"https:\/\/concettaprobanza.com\/#\/schema\/person\/image\/\",\"url\":\"https:\/\/secure.gravatar.com\/avatar\/2895801805260831e586d6eeb943d37702ea810e5f9c4c25f1c197a5fd1da9cf?s=96&d=mm&r=g\",\"contentUrl\":\"https:\/\/secure.gravatar.com\/avatar\/2895801805260831e586d6eeb943d37702ea810e5f9c4c25f1c197a5fd1da9cf?s=96&d=mm&r=g\",\"caption\":\"jw2geq\"},\"url\":\"https:\/\/concettaprobanza.com\/en\/author\/jw2geq\/\"}]}<\/script>\n<!-- \/ Yoast SEO plugin. -->","yoast_head_json":{"title":"Ilustradora Espa\u00f1ola | El Arte de Crear Portadas de Libros - Concetta Probanza","description":"\u00bfC\u00f3mo se traduce la poes\u00eda a una imagen? Concetta Probanza desvela su proceso creativo: de la textura del grabado a la portada editorial.","robots":{"index":"index","follow":"follow","max-snippet":"max-snippet:-1","max-image-preview":"max-image-preview:large","max-video-preview":"max-video-preview:-1"},"canonical":"https:\/\/concettaprobanza.com\/en\/concettaprobanza-com-blog-ilustradora-espanola-arte-crear-portadas-libros\/","og_locale":"en_GB","og_type":"article","og_title":"Ilustradora Espa\u00f1ola | El Arte de Crear Portadas de Libros - Concetta Probanza","og_description":"\u00bfC\u00f3mo se traduce la poes\u00eda a una imagen? Concetta Probanza desvela su proceso creativo: de la textura del grabado a la portada editorial.","og_url":"https:\/\/concettaprobanza.com\/en\/concettaprobanza-com-blog-ilustradora-espanola-arte-crear-portadas-libros\/","og_site_name":"Concetta Probanza","article_published_time":"2026-01-22T11:13:26+00:00","og_image":[{"width":534,"height":554,"url":"https:\/\/concettaprobanza.com\/wp-content\/uploads\/2026\/01\/Imagen-pegada.png","type":"image\/png"}],"author":"jw2geq","twitter_card":"summary_large_image","twitter_misc":{"Written by":"jw2geq","Estimated reading time":"8 minutes"},"schema":{"@context":"https:\/\/schema.org","@graph":[{"@type":"WebPage","@id":"https:\/\/concettaprobanza.com\/concettaprobanza-com-blog-ilustradora-espanola-arte-crear-portadas-libros\/","url":"https:\/\/concettaprobanza.com\/concettaprobanza-com-blog-ilustradora-espanola-arte-crear-portadas-libros\/","name":"Ilustradora Espa\u00f1ola | El Arte de Crear Portadas de Libros - Concetta Probanza","isPartOf":{"@id":"https:\/\/concettaprobanza.com\/#website"},"primaryImageOfPage":{"@id":"https:\/\/concettaprobanza.com\/concettaprobanza-com-blog-ilustradora-espanola-arte-crear-portadas-libros\/#primaryimage"},"image":{"@id":"https:\/\/concettaprobanza.com\/concettaprobanza-com-blog-ilustradora-espanola-arte-crear-portadas-libros\/#primaryimage"},"thumbnailUrl":"https:\/\/concettaprobanza.com\/wp-content\/uploads\/2026\/01\/Imagen-pegada.png","datePublished":"2026-01-22T11:13:26+00:00","author":{"@id":"https:\/\/concettaprobanza.com\/#\/schema\/person\/e7b2bbbf148ecb746d5eed3966f2ff3a"},"description":"\u00bfC\u00f3mo se traduce la poes\u00eda a una imagen? Concetta Probanza desvela su proceso creativo: de la textura del grabado a la portada editorial.","breadcrumb":{"@id":"https:\/\/concettaprobanza.com\/concettaprobanza-com-blog-ilustradora-espanola-arte-crear-portadas-libros\/#breadcrumb"},"inLanguage":"en-GB","potentialAction":[{"@type":"ReadAction","target":["https:\/\/concettaprobanza.com\/concettaprobanza-com-blog-ilustradora-espanola-arte-crear-portadas-libros\/"]}]},{"@type":"ImageObject","inLanguage":"en-GB","@id":"https:\/\/concettaprobanza.com\/concettaprobanza-com-blog-ilustradora-espanola-arte-crear-portadas-libros\/#primaryimage","url":"https:\/\/concettaprobanza.com\/wp-content\/uploads\/2026\/01\/Imagen-pegada.png","contentUrl":"https:\/\/concettaprobanza.com\/wp-content\/uploads\/2026\/01\/Imagen-pegada.png","width":534,"height":554,"caption":"imagen copnceptual"},{"@type":"BreadcrumbList","@id":"https:\/\/concettaprobanza.com\/concettaprobanza-com-blog-ilustradora-espanola-arte-crear-portadas-libros\/#breadcrumb","itemListElement":[{"@type":"ListItem","position":1,"name":"Portada","item":"https:\/\/concettaprobanza.com\/"},{"@type":"ListItem","position":2,"name":"Ilustradora Espa\u00f1ola | El Arte de Crear Portadas de Libros"}]},{"@type":"WebSite","@id":"https:\/\/concettaprobanza.com\/#website","url":"https:\/\/concettaprobanza.com\/","name":"Concetta Probanza","description":"Concetta Probanza es una ilustradora con formaci\u00f3n en Bellas Artes y grabado, cuya trayectoria lo llev\u00f3 del lienzo y la madera al mundo editorial y el arte digital. Sus ilustraciones, llenas de detalle y sensibilidad, evocan los paisajes y culturas que descubri\u00f3 en sus viajes por Senegal, Camer\u00fan, Indonesia y Jap\u00f3n.","potentialAction":[{"@type":"SearchAction","target":{"@type":"EntryPoint","urlTemplate":"https:\/\/concettaprobanza.com\/?s={search_term_string}"},"query-input":{"@type":"PropertyValueSpecification","valueRequired":true,"valueName":"search_term_string"}}],"inLanguage":"en-GB"},{"@type":"Person","@id":"https:\/\/concettaprobanza.com\/#\/schema\/person\/e7b2bbbf148ecb746d5eed3966f2ff3a","name":"jw2geq","image":{"@type":"ImageObject","inLanguage":"en-GB","@id":"https:\/\/concettaprobanza.com\/#\/schema\/person\/image\/","url":"https:\/\/secure.gravatar.com\/avatar\/2895801805260831e586d6eeb943d37702ea810e5f9c4c25f1c197a5fd1da9cf?s=96&d=mm&r=g","contentUrl":"https:\/\/secure.gravatar.com\/avatar\/2895801805260831e586d6eeb943d37702ea810e5f9c4c25f1c197a5fd1da9cf?s=96&d=mm&r=g","caption":"jw2geq"},"url":"https:\/\/concettaprobanza.com\/en\/author\/jw2geq\/"}]}},"_links":{"self":[{"href":"https:\/\/concettaprobanza.com\/en\/wp-json\/wp\/v2\/posts\/30948","targetHints":{"allow":["GET"]}}],"collection":[{"href":"https:\/\/concettaprobanza.com\/en\/wp-json\/wp\/v2\/posts"}],"about":[{"href":"https:\/\/concettaprobanza.com\/en\/wp-json\/wp\/v2\/types\/post"}],"author":[{"embeddable":true,"href":"https:\/\/concettaprobanza.com\/en\/wp-json\/wp\/v2\/users\/2"}],"replies":[{"embeddable":true,"href":"https:\/\/concettaprobanza.com\/en\/wp-json\/wp\/v2\/comments?post=30948"}],"version-history":[{"count":0,"href":"https:\/\/concettaprobanza.com\/en\/wp-json\/wp\/v2\/posts\/30948\/revisions"}],"wp:featuredmedia":[{"embeddable":true,"href":"https:\/\/concettaprobanza.com\/en\/wp-json\/wp\/v2\/media\/30952"}],"wp:attachment":[{"href":"https:\/\/concettaprobanza.com\/en\/wp-json\/wp\/v2\/media?parent=30948"}],"wp:term":[{"taxonomy":"category","embeddable":true,"href":"https:\/\/concettaprobanza.com\/en\/wp-json\/wp\/v2\/categories?post=30948"},{"taxonomy":"post_tag","embeddable":true,"href":"https:\/\/concettaprobanza.com\/en\/wp-json\/wp\/v2\/tags?post=30948"}],"curies":[{"name":"wp","href":"https:\/\/api.w.org\/{rel}","templated":true}]}}