{"id":30954,"date":"2026-01-27T11:20:13","date_gmt":"2026-01-27T11:20:13","guid":{"rendered":"https:\/\/concettaprobanza.com\/?p=30954"},"modified":"2026-01-27T11:20:14","modified_gmt":"2026-01-27T11:20:14","slug":"concettaprobanza-com-blog-diseno-carteles-portadas-ilustracion-artistica","status":"publish","type":"post","link":"https:\/\/concettaprobanza.com\/eu\/concettaprobanza-com-blog-diseno-carteles-portadas-ilustracion-artistica\/","title":{"rendered":"Dise\u00f1o de Carteles y Portadas | Ilustraciones y Proyectos Creativos"},"content":{"rendered":"<div id=\"model-response-message-contentr_423aa61e3903dbf5\" class=\"markdown markdown-main-panel stronger enable-updated-hr-color\" dir=\"ltr\" aria-live=\"polite\" aria-busy=\"false\">\n<p data-path-to-node=\"4\">Vivimos en un mundo ruidoso. Un mundo saturado de neones digitales, de <i data-path-to-node=\"4\" data-index-in-node=\"71\">scroll<\/i> infinito y de im\u00e1genes que parpadean y desaparecen en nanosegundos. En medio de esta vor\u00e1gine visual, detenerse se ha convertido en un acto revolucionario.<\/p>\n<p data-path-to-node=\"5\">Cuando hablamos de <b data-path-to-node=\"5\" data-index-in-node=\"19\">Dise\u00f1o de Carteles y Portadas<\/b>, a menudo se piensa en herramientas, en software, en tipograf\u00edas y m\u00e1rgenes. Pero para m\u00ed, y para aquellos que amamos el arte con las manos manchadas de tinta, el proceso es mucho m\u00e1s primitivo y visceral. Un cartel no es solo un anuncio pegado en una pared; es un grito est\u00e9tico. Una portada no es un envoltorio; es la piel de una criatura viva, sea un libro, un disco o un evento cultural.<\/p>\n<p data-path-to-node=\"6\">Como ilustradora que transita entre la vieja escuela del grabado y la precisi\u00f3n del vector digital, entiendo mi oficio no como decoraci\u00f3n, sino como traducci\u00f3n. Mi trabajo es escuchar la m\u00fasica que a\u00fan no suena y leer el texto que a\u00fan no se ha impreso, para darles un rostro.<\/p>\n<p data-path-to-node=\"7\">A lo largo de este art\u00edculo, quiero invitarte a entrar en mi taller \u2014f\u00edsico y mental\u2014 para explorar c\u00f3mo la ilustraci\u00f3n art\u00edstica puede elevar un proyecto creativo, transform\u00e1ndolo de un simple producto en un objeto de deseo.<\/p>\n<hr data-path-to-node=\"8\" \/>\n<h2 data-path-to-node=\"9\">La Alquimia Visual: M\u00e1s all\u00e1 del Dise\u00f1o Gr\u00e1fico<\/h2>\n<p><img fetchpriority=\"high\" decoding=\"async\" class=\"alignnone  wp-image-30577\" src=\"https:\/\/concettaprobanza.com\/wp-content\/uploads\/2025\/04\/Steilas_Kartela_Nahikoada_2022_BB-1-207x300.jpg\" alt=\"Dise\u00f1o de cartel cultural para teatro creado con texturas org\u00e1nicas e ilustraci\u00f3n vectorial por Concetta Probanza.\" width=\"785\" height=\"1138\" srcset=\"https:\/\/concettaprobanza.com\/wp-content\/uploads\/2025\/04\/Steilas_Kartela_Nahikoada_2022_BB-1-207x300.jpg 207w, https:\/\/concettaprobanza.com\/wp-content\/uploads\/2025\/04\/Steilas_Kartela_Nahikoada_2022_BB-1-706x1024.jpg 706w, https:\/\/concettaprobanza.com\/wp-content\/uploads\/2025\/04\/Steilas_Kartela_Nahikoada_2022_BB-1-768x1113.jpg 768w, https:\/\/concettaprobanza.com\/wp-content\/uploads\/2025\/04\/Steilas_Kartela_Nahikoada_2022_BB-1-1060x1536.jpg 1060w, https:\/\/concettaprobanza.com\/wp-content\/uploads\/2025\/04\/Steilas_Kartela_Nahikoada_2022_BB-1-8x12.jpg 8w, https:\/\/concettaprobanza.com\/wp-content\/uploads\/2025\/04\/Steilas_Kartela_Nahikoada_2022_BB-1-600x870.jpg 600w, https:\/\/concettaprobanza.com\/wp-content\/uploads\/2025\/04\/Steilas_Kartela_Nahikoada_2022_BB-1.jpg 1134w\" sizes=\"(max-width: 785px) 100vw, 785px\" \/><\/p>\n<p data-path-to-node=\"10\"><a href=\"https:\/\/www.youtube.com\/watch?v=TVDXEx-h3tk\" target=\"_blank\" rel=\"noopener\">Existe una diferencia sutil pero abismal entre \u00abdise\u00f1ar\u00bb e \u00abilustrar\u00bb<\/a>. El dise\u00f1o, en su vertiente m\u00e1s purista, organiza la informaci\u00f3n. La ilustraci\u00f3n, en cambio, <b data-path-to-node=\"10\" data-index-in-node=\"163\">interpreta la emoci\u00f3n<\/b>.<\/p>\n<p data-path-to-node=\"11\">En mi trayectoria, he aprendido que el <b data-path-to-node=\"11\" data-index-in-node=\"39\">dise\u00f1o de carteles y portadas<\/b> eficaz no es aquel que simplemente comunica \u00abqu\u00e9, cu\u00e1ndo y d\u00f3nde\u00bb. Eso lo hace cualquier plantilla. El dise\u00f1o que perdura es el que comunica el \u00abc\u00f3mo se siente\u00bb.<\/p>\n<h3 data-path-to-node=\"12\">La Huella Humana en la Era Digital<\/h3>\n<p data-path-to-node=\"13\">Mis clientes \u2014editores, m\u00fasicos, organizadores de festivales\u2014 no buscan la perfecci\u00f3n as\u00e9ptica de una imagen de banco generada por inteligencia artificial. Buscan la \u00abimperfecci\u00f3n\u00bb deliberada. Buscan el rastro del l\u00e1piz, la textura de la madera que se resiste a la gubia, la mancha de acuarela que se expande sin control.<\/p>\n<p data-path-to-node=\"14\">Incluso cuando trabajo frente a la pantalla, mi mente sigue operando con la l\u00f3gica del taller de grabado. Construyo las im\u00e1genes por capas, como si estuviera entintando una plancha. Busco que el p\u00edxel tenga grano, que el color tenga peso. Esta fusi\u00f3n entre lo anal\u00f3gico y lo digital es lo que dota a la obra de una cualidad t\u00e1ctil. Quieres tocar la portada. Quieres arrancar el cartel para llev\u00e1rtelo a casa.<\/p>\n<hr data-path-to-node=\"15\" \/>\n<h2 data-path-to-node=\"16\">El Cartel: El Arte de la Calle<\/h2>\n<p data-path-to-node=\"17\">El cartel es, posiblemente, la forma de arte m\u00e1s democr\u00e1tica que existe. No pide entrada, no exige silencio y no se esconde en museos. Sale a tu encuentro en la esquina de una calle, bajo la lluvia, en la puerta de un teatro.<\/p>\n<h3 data-path-to-node=\"18\">La S\u00edntesis Po\u00e9tica<\/h3>\n<p data-path-to-node=\"19\">El gran reto del <b data-path-to-node=\"19\" data-index-in-node=\"17\">dise\u00f1o de carteles<\/b> es la s\u00edntesis. Tienes tres segundos para capturar la atenci\u00f3n de un transe\u00fante que llega tarde al trabajo.<\/p>\n<p data-path-to-node=\"19\">\u00bfC\u00f3mo se resume una obra de teatro de dos horas o un festival de jazz en una sola imagen est\u00e1tica?<\/p>\n<p data-path-to-node=\"19\">La respuesta no est\u00e1 en la acumulaci\u00f3n, sino en la sustracci\u00f3n.<\/p>\n<ul data-path-to-node=\"20\">\n<li>\n<p data-path-to-node=\"20,0,0\">No dibujo al m\u00fasico tocando; dibujo el ritmo de sus manos.<\/p>\n<\/li>\n<li>\n<p data-path-to-node=\"20,1,0\">No dibujo la trama de la obra; dibujo el conflicto interior del protagonista.<\/p>\n<\/li>\n<\/ul>\n<p data-path-to-node=\"21\">Me gusta pensar en el cartel como un <i data-path-to-node=\"21\" data-index-in-node=\"37\">haiku<\/i> visual. Debe ser impactante por su econom\u00eda de elementos. Un fondo plano, una silueta cargada de simbolismo, una tipograf\u00eda que no compita, sino que baile con la imagen. En mis trabajos para eventos culturales en el Pa\u00eds Vasco, a menudo busco s\u00edmbolos ancestrales o naturales \u2014el \u00e1rbol, la piedra, el p\u00e1jaro\u2014 y los reinterpreto con lenguajes contempor\u00e1neos. Es una forma de decir: \u00abEsto es moderno, pero tiene ra\u00edces\u00bb.<\/p>\n<h3 data-path-to-node=\"22\">El Color como Narrador<\/h3>\n<p data-path-to-node=\"23\">En un cartel, el color no es adorno; es adjetivo. Un cartel para un recital de poes\u00eda \u00edntima no puede gritar en amarillo ne\u00f3n. Pide azules profundos, grises de tormenta, ocres de tierra mojada. Por el contrario, un cartel para una fiesta popular exige rojos, contrastes vibrantes, una paleta que sude alegr\u00eda. Elegir el color es elegir la voz con la que el cartel va a hablarle a la ciudad.<\/p>\n<hr data-path-to-node=\"24\" \/>\n<h2 data-path-to-node=\"25\">La Portada: La Promesa Silenciosa<\/h2>\n<p data-path-to-node=\"26\">Si el cartel es un grito p\u00fablico, la portada es un susurro al o\u00eddo. Ya sea en un libro (mi gran pasi\u00f3n) o en un \u00e1lbum musical, la portada establece una relaci\u00f3n \u00edntima con una sola persona: el que sostiene el objeto.<\/p>\n<h3 data-path-to-node=\"27\">Ilustraciones para Libros: Traducir lo Invisible<\/h3>\n<p data-path-to-node=\"28\">Cuando abordo el <b data-path-to-node=\"28\" data-index-in-node=\"17\">dise\u00f1o de portadas<\/b> para editoriales como Erein o Elkar, mi primera herramienta no es el pincel, es la lectura. Me sumerjo en el texto buscando las \u00abim\u00e1genes latentes\u00bb.<\/p>\n<p data-path-to-node=\"28\">A veces, la esencia del libro no est\u00e1 en la escena culminante, sino en un objeto olvidado en una mesa, en la forma en que la luz entra por una ventana descrita en el cap\u00edtulo tres.<\/p>\n<p data-path-to-node=\"29\">Mi misi\u00f3n es crear una imagen que sea fiel al esp\u00edritu del escritor pero que mantenga un halo de misterio. Odio las portadas que hacen \u00abspoilers\u00bb visuales. La ilustraci\u00f3n debe ser una puerta entreabierta. Debe generar una pregunta en la mente del lector: <i data-path-to-node=\"29\" data-index-in-node=\"255\">\u00ab\u00bfPor qu\u00e9 hay una jaula abierta en medio del mar?\u00bb<\/i>. Esa curiosidad es la que impulsa a abrir el libro.<\/p>\n<h3 data-path-to-node=\"30\">La M\u00fasica en Im\u00e1genes: Portadas de Discos<\/h3>\n<p data-path-to-node=\"31\">Dise\u00f1ar para m\u00fasicos es un ejercicio de sinestesia. \u00bfDe qu\u00e9 color es este acorde? \u00bfQu\u00e9 forma tiene esta voz?<\/p>\n<p data-path-to-node=\"31\">Aqu\u00ed, la libertad creativa suele ser mayor. La m\u00fasica es abstracta, y por tanto, la imagen puede permitirse ser m\u00e1s et\u00e9rea, m\u00e1s experimental. Me encanta trabajar con texturas que sugieren sonido: trazos rasgados para el rock o el jazz experimental, l\u00edneas fluidas y acuosas para el folk o la m\u00fasica cl\u00e1sica.<\/p>\n<p data-path-to-node=\"31\">La portada de un disco debe sonar antes de que la m\u00fasica empiece. Debe preparar el escenario mental del oyente.<\/p>\n<hr data-path-to-node=\"32\" \/>\n<h2 data-path-to-node=\"33\">El Valor de lo \u00abHecho a Medida\u00bb<\/h2>\n<p><img decoding=\"async\" class=\"alignnone  wp-image-30562\" src=\"https:\/\/concettaprobanza.com\/wp-content\/uploads\/2025\/04\/KoldoMitxelena_Kulturunea_01-1-200x300.jpg\" alt=\"Dise\u00f1o de cartel cultural para teatro creado con texturas org\u00e1nicas e ilustraci\u00f3n vectorial por Concetta Probanza.\" width=\"803\" height=\"1205\" srcset=\"https:\/\/concettaprobanza.com\/wp-content\/uploads\/2025\/04\/KoldoMitxelena_Kulturunea_01-1-200x300.jpg 200w, https:\/\/concettaprobanza.com\/wp-content\/uploads\/2025\/04\/KoldoMitxelena_Kulturunea_01-1-683x1024.jpg 683w, https:\/\/concettaprobanza.com\/wp-content\/uploads\/2025\/04\/KoldoMitxelena_Kulturunea_01-1-8x12.jpg 8w, https:\/\/concettaprobanza.com\/wp-content\/uploads\/2025\/04\/KoldoMitxelena_Kulturunea_01-1-600x900.jpg 600w, https:\/\/concettaprobanza.com\/wp-content\/uploads\/2025\/04\/KoldoMitxelena_Kulturunea_01-1.jpg 738w\" sizes=\"(max-width: 803px) 100vw, 803px\" \/><\/p>\n<p data-path-to-node=\"34\">En un mercado saturado de im\u00e1genes <i data-path-to-node=\"34\" data-index-in-node=\"35\">stock<\/i>, \u00bfpor qu\u00e9 invertir en una ilustraci\u00f3n art\u00edstica personalizada?<\/p>\n<p data-path-to-node=\"34\">La respuesta es la <b data-path-to-node=\"34\" data-index-in-node=\"123\">identidad<\/b>.<\/p>\n<p data-path-to-node=\"35\">Cuando utilizas una imagen de archivo para tu <b data-path-to-node=\"35\" data-index-in-node=\"46\">dise\u00f1o de carteles y portadas<\/b>, corres el riesgo de que esa misma imagen aparezca ma\u00f1ana anunciando una marca de yogures o un seguro de vida. La imagen de archivo no tiene memoria, no tiene lealtad.<\/p>\n<p data-path-to-node=\"36\">Una ilustraci\u00f3n creada <i data-path-to-node=\"36\" data-index-in-node=\"23\">ex profeso<\/i> para tu proyecto nace de las entra\u00f1as de tu obra.<\/p>\n<ol start=\"1\" data-path-to-node=\"37\">\n<li>\n<p data-path-to-node=\"37,0,0\"><b data-path-to-node=\"37,0,0\" data-index-in-node=\"0\">Narrativa \u00danica:<\/b> Los elementos visuales que utilizo salen exclusivamente de tu universo creativo. Si dibujo un p\u00e1jaro para tu portada, no es un p\u00e1jaro cualquiera; es <i data-path-to-node=\"37,0,0\" data-index-in-node=\"166\">tu<\/i> p\u00e1jaro.<\/p>\n<\/li>\n<li>\n<p data-path-to-node=\"37,1,0\"><b data-path-to-node=\"37,1,0\" data-index-in-node=\"0\">Coherencia Emocional:<\/b> El estilo del trazo se ajusta al tono de tu proyecto. No hay disonancia cognitiva entre lo que se ve y lo que se consume.<\/p>\n<\/li>\n<li>\n<p data-path-to-node=\"37,2,0\"><b data-path-to-node=\"37,2,0\" data-index-in-node=\"0\">Valor de Coleccionismo:<\/b> En la era del <i data-path-to-node=\"37,2,0\" data-index-in-node=\"38\">streaming<\/i> y el <i data-path-to-node=\"37,2,0\" data-index-in-node=\"53\">e-book<\/i>, el objeto f\u00edsico se ha convertido en un fetiche. La gente compra vinilos y libros en papel porque quieren poseer el objeto. Una portada ilustrada art\u00edsticamente convierte el producto en una pieza de colecci\u00f3n digna de ser exhibida en una estanter\u00eda, no escondida.<\/p>\n<\/li>\n<\/ol>\n<hr data-path-to-node=\"38\" \/>\n<h2 data-path-to-node=\"39\">Mi Proceso Creativo: De la Charla al Lienzo<\/h2>\n<p data-path-to-node=\"40\">Para que entiendas mejor c\u00f3mo abordo <a href=\"https:\/\/concettaprobanza.com\/eu\/\" target=\"_blank\" rel=\"noopener\">el <b data-path-to-node=\"40\" data-index-in-node=\"40\">dise\u00f1o de carteles y portadas<\/b><\/a>, d\u00e9jame guiarte por mi \u00abcocina\u00bb. No hay recetas m\u00e1gicas, pero s\u00ed hay un ritual.<\/p>\n<h3 data-path-to-node=\"41\">Fase 1: La Escucha (El Briefing Emocional)<\/h3>\n<p data-path-to-node=\"42\">No me sirven los <i data-path-to-node=\"42\" data-index-in-node=\"17\">briefings<\/i> corporativos fr\u00edos. Necesito hablar. Necesito que el autor me cuente sus miedos sobre la obra, que el m\u00fasico me explique qu\u00e9 sent\u00eda al componer ese tema. Busco las palabras clave que no est\u00e1n en el documento: \u00abmelancol\u00eda\u00bb, \u00abrabia\u00bb, \u00abespera\u00bb, \u00absilencio\u00bb.<\/p>\n<h3 data-path-to-node=\"43\">Fase 2: El Boceto y la B\u00fasqueda Mat\u00e9rica<\/h3>\n<p data-path-to-node=\"44\">Antes de encender el ordenador, mancho papel. Hago bocetos r\u00e1pidos, casi garabatos, buscando la composici\u00f3n. Es aqu\u00ed donde decido la t\u00e9cnica base. \u00bfPide esto la dureza de un grabado en lin\u00f3leo? \u00bfPide la suavidad del grafito? \u00bfO la limpieza de la tinta china?<\/p>\n<p data-path-to-node=\"44\">A menudo, salgo a buscar texturas. Escaneo telas, papeles viejos, maderas. Creo una biblioteca de \u00abpieles\u00bb que luego vestir\u00e1n a la ilustraci\u00f3n.<\/p>\n<h3 data-path-to-node=\"45\">Fase 3: La Construcci\u00f3n Digital<\/h3>\n<p data-path-to-node=\"46\">Aqu\u00ed es donde entra mi faceta de dise\u00f1adora. Llevo esos materiales org\u00e1nicos al entorno digital. Compongo, limpio, ajusto colores, juego con la tipograf\u00eda.<\/p>\n<p data-path-to-node=\"46\">Es un baile delicado. Si limpio demasiado, la imagen muere, se vuelve fr\u00eda. Si limpio poco, parece sucia o amateur. Busco ese punto medio donde la tecnolog\u00eda sirve al arte, y no al rev\u00e9s. El objetivo es que, al ver el cartel impreso en gran formato o la portada en una librer\u00eda, el espectador sienta la calidez de la mano humana.<\/p>\n<hr data-path-to-node=\"47\" \/>\n<h2 data-path-to-node=\"48\">Casos de Uso: \u00bfCu\u00e1ndo necesitas una Ilustraci\u00f3n Art\u00edstica?<\/h2>\n<p data-path-to-node=\"49\">No todos los proyectos requieren este nivel de profundidad, pero hay momentos donde es indispensable:<\/p>\n<ul data-path-to-node=\"50\">\n<li>\n<p data-path-to-node=\"50,0,0\"><b data-path-to-node=\"50,0,0\" data-index-in-node=\"0\">Lanzamientos Literarios de Autor:<\/b> Donde la voz del escritor es personal y \u00fanica, la portada no puede ser gen\u00e9rica.<\/p>\n<\/li>\n<li>\n<p data-path-to-node=\"50,1,0\"><b data-path-to-node=\"50,1,0\" data-index-in-node=\"0\">Festivales de Cultura, M\u00fasica o Teatro:<\/b> El cartel es la bandera del festival. Debe ser ic\u00f3nico y coleccionable (mucha gente arranca estos carteles para decorar sus casas).<\/p>\n<\/li>\n<li>\n<p data-path-to-node=\"50,2,0\"><b data-path-to-node=\"50,2,0\" data-index-in-node=\"0\">\u00c1lbumes Musicales y Vinilos:<\/b> El renacer del vinilo ha devuelto a la portada su estatus de lienzo de 30&#215;30 cm. Es un espacio maravilloso para el arte.<\/p>\n<\/li>\n<li>\n<p data-path-to-node=\"50,3,0\"><b data-path-to-node=\"50,3,0\" data-index-in-node=\"0\">Identidad Corporativa Cultural:<\/b> Editoriales, librer\u00edas, compa\u00f1\u00edas de teatro que necesitan un logotipo o una imagen de marca que respire creatividad y no \u00abempresa\u00bb.<\/p>\n<\/li>\n<\/ul>\n<hr data-path-to-node=\"51\" \/>\n<h2 data-path-to-node=\"52\">Una Invitaci\u00f3n a la Belleza<\/h2>\n<p data-path-to-node=\"53\"><a href=\"https:\/\/concettaprobanza.com\/eu\/contacto\/\" target=\"_blank\" rel=\"noopener\">El <b data-path-to-node=\"53\" data-index-in-node=\"3\">dise\u00f1o de carteles y portadas<\/b> <\/a>es, en \u00faltima instancia, un acto de respeto. Respeto por el contenido que protegen y respeto por el p\u00fablico que lo mira.<\/p>\n<p data-path-to-node=\"53\">En un mundo de usar y tirar, optar por una ilustraci\u00f3n art\u00edstica es una declaraci\u00f3n de intenciones. Es decir: \u00abEsto importa. Esto ha sido cuidado. Esto tiene alma\u00bb.<\/p>\n<p data-path-to-node=\"54\">Si tienes un proyecto entre manos que nace de la pasi\u00f3n, no lo vistas con un traje prestado. Busquemos juntos esa imagen que lo define. Esa imagen que, cuando pasen los a\u00f1os y mires atr\u00e1s, siga teniendo la capacidad de emocionarte como el primer d\u00eda.<\/p>\n<p data-path-to-node=\"55\">Porque el arte no es lo que ves, es lo que sientes al mirar.<\/p>\n<p data-path-to-node=\"59\">\n<\/div>","protected":false},"excerpt":{"rendered":"<p>Vivimos en un mundo ruidoso. Un mundo saturado de neones digitales, de scroll infinito y de im\u00e1genes que&#8230;<\/p>","protected":false},"author":2,"featured_media":30608,"comment_status":"open","ping_status":"open","sticky":false,"template":"","format":"standard","meta":{"_acf_changed":false,"footnotes":""},"categories":[82,91,83,79,92],"tags":[88,97,95,93,94,96],"class_list":["post-30954","post","type-post","status-publish","format-standard","has-post-thumbnail","hentry","category-arte-y-literatura","category-diseno-de-carteles-artisticos","category-ilustracion-conceptual","category-portadas-de-libros","category-portadas-discos-ilustradas","tag-concetta-probanza","tag-diseno-de-carteles-artisticos","tag-diseno-grafico-cultural","tag-ilustracion-portadas-libros","tag-ilustradora-editorial-espana","tag-portadas-discos-ilustradas"],"acf":[],"yoast_head":"<!-- This site is optimized with the Yoast SEO plugin v25.6 - https:\/\/yoast.com\/wordpress\/plugins\/seo\/ -->\n<title>Dise\u00f1o de Carteles y Portadas | Ilustraciones y Proyectos Creativos<\/title>\n<meta name=\"description\" content=\"Una portada no es un envoltorio, es una promesa. Descubre c\u00f3mo fusiono el grabado tradicional y el dise\u00f1o digital para crear im\u00e1genes\" \/>\n<meta name=\"robots\" content=\"index, follow, max-snippet:-1, max-image-preview:large, max-video-preview:-1\" \/>\n<link rel=\"canonical\" href=\"https:\/\/concettaprobanza.com\/eu\/concettaprobanza-com-blog-diseno-carteles-portadas-ilustracion-artistica\/\" \/>\n<meta property=\"og:locale\" content=\"en_US\" \/>\n<meta property=\"og:type\" content=\"article\" \/>\n<meta property=\"og:title\" content=\"Dise\u00f1o de Carteles y Portadas | Ilustraciones y Proyectos Creativos\" \/>\n<meta property=\"og:description\" content=\"Una portada no es un envoltorio, es una promesa. Descubre c\u00f3mo fusiono el grabado tradicional y el dise\u00f1o digital para crear im\u00e1genes\" \/>\n<meta property=\"og:url\" content=\"https:\/\/concettaprobanza.com\/eu\/concettaprobanza-com-blog-diseno-carteles-portadas-ilustracion-artistica\/\" \/>\n<meta property=\"og:site_name\" content=\"Concetta Probanza\" \/>\n<meta property=\"article:published_time\" content=\"2026-01-27T11:20:13+00:00\" \/>\n<meta property=\"article:modified_time\" content=\"2026-01-27T11:20:14+00:00\" \/>\n<meta property=\"og:image\" content=\"https:\/\/concettaprobanza.com\/wp-content\/uploads\/2025\/04\/AzalaIzarUxo03-2.jpg\" \/>\n\t<meta property=\"og:image:width\" content=\"603\" \/>\n\t<meta property=\"og:image:height\" content=\"582\" \/>\n\t<meta property=\"og:image:type\" content=\"image\/jpeg\" \/>\n<meta name=\"author\" content=\"jw2geq\" \/>\n<meta name=\"twitter:card\" content=\"summary_large_image\" \/>\n<meta name=\"twitter:label1\" content=\"Written by\" \/>\n\t<meta name=\"twitter:data1\" content=\"jw2geq\" \/>\n\t<meta name=\"twitter:label2\" content=\"Est. reading time\" \/>\n\t<meta name=\"twitter:data2\" content=\"9 minutua\" \/>\n<script type=\"application\/ld+json\" class=\"yoast-schema-graph\">{\"@context\":\"https:\/\/schema.org\",\"@graph\":[{\"@type\":\"WebPage\",\"@id\":\"https:\/\/concettaprobanza.com\/concettaprobanza-com-blog-diseno-carteles-portadas-ilustracion-artistica\/\",\"url\":\"https:\/\/concettaprobanza.com\/concettaprobanza-com-blog-diseno-carteles-portadas-ilustracion-artistica\/\",\"name\":\"Dise\u00f1o de Carteles y Portadas | Ilustraciones y Proyectos Creativos\",\"isPartOf\":{\"@id\":\"https:\/\/concettaprobanza.com\/#website\"},\"primaryImageOfPage\":{\"@id\":\"https:\/\/concettaprobanza.com\/concettaprobanza-com-blog-diseno-carteles-portadas-ilustracion-artistica\/#primaryimage\"},\"image\":{\"@id\":\"https:\/\/concettaprobanza.com\/concettaprobanza-com-blog-diseno-carteles-portadas-ilustracion-artistica\/#primaryimage\"},\"thumbnailUrl\":\"https:\/\/concettaprobanza.com\/wp-content\/uploads\/2025\/04\/AzalaIzarUxo03-2.jpg\",\"datePublished\":\"2026-01-27T11:20:13+00:00\",\"dateModified\":\"2026-01-27T11:20:14+00:00\",\"author\":{\"@id\":\"https:\/\/concettaprobanza.com\/#\/schema\/person\/e7b2bbbf148ecb746d5eed3966f2ff3a\"},\"description\":\"Una portada no es un envoltorio, es una promesa. Descubre c\u00f3mo fusiono el grabado tradicional y el dise\u00f1o digital para crear im\u00e1genes\",\"breadcrumb\":{\"@id\":\"https:\/\/concettaprobanza.com\/concettaprobanza-com-blog-diseno-carteles-portadas-ilustracion-artistica\/#breadcrumb\"},\"inLanguage\":\"eu\",\"potentialAction\":[{\"@type\":\"ReadAction\",\"target\":[\"https:\/\/concettaprobanza.com\/concettaprobanza-com-blog-diseno-carteles-portadas-ilustracion-artistica\/\"]}]},{\"@type\":\"ImageObject\",\"inLanguage\":\"eu\",\"@id\":\"https:\/\/concettaprobanza.com\/concettaprobanza-com-blog-diseno-carteles-portadas-ilustracion-artistica\/#primaryimage\",\"url\":\"https:\/\/concettaprobanza.com\/wp-content\/uploads\/2025\/04\/AzalaIzarUxo03-2.jpg\",\"contentUrl\":\"https:\/\/concettaprobanza.com\/wp-content\/uploads\/2025\/04\/AzalaIzarUxo03-2.jpg\",\"width\":603,\"height\":582,\"caption\":\"Dise\u00f1o de cartel cultural para teatro creado con texturas org\u00e1nicas e ilustraci\u00f3n vectorial por Concetta Probanza.\"},{\"@type\":\"BreadcrumbList\",\"@id\":\"https:\/\/concettaprobanza.com\/concettaprobanza-com-blog-diseno-carteles-portadas-ilustracion-artistica\/#breadcrumb\",\"itemListElement\":[{\"@type\":\"ListItem\",\"position\":1,\"name\":\"Portada\",\"item\":\"https:\/\/concettaprobanza.com\/\"},{\"@type\":\"ListItem\",\"position\":2,\"name\":\"Dise\u00f1o de Carteles y Portadas | Ilustraciones y Proyectos Creativos\"}]},{\"@type\":\"WebSite\",\"@id\":\"https:\/\/concettaprobanza.com\/#website\",\"url\":\"https:\/\/concettaprobanza.com\/\",\"name\":\"Concetta Probanza\",\"description\":\"Concetta Probanza es una ilustradora con formaci\u00f3n en Bellas Artes y grabado, cuya trayectoria lo llev\u00f3 del lienzo y la madera al mundo editorial y el arte digital. Sus ilustraciones, llenas de detalle y sensibilidad, evocan los paisajes y culturas que descubri\u00f3 en sus viajes por Senegal, Camer\u00fan, Indonesia y Jap\u00f3n.\",\"potentialAction\":[{\"@type\":\"SearchAction\",\"target\":{\"@type\":\"EntryPoint\",\"urlTemplate\":\"https:\/\/concettaprobanza.com\/?s={search_term_string}\"},\"query-input\":{\"@type\":\"PropertyValueSpecification\",\"valueRequired\":true,\"valueName\":\"search_term_string\"}}],\"inLanguage\":\"eu\"},{\"@type\":\"Person\",\"@id\":\"https:\/\/concettaprobanza.com\/#\/schema\/person\/e7b2bbbf148ecb746d5eed3966f2ff3a\",\"name\":\"jw2geq\",\"image\":{\"@type\":\"ImageObject\",\"inLanguage\":\"eu\",\"@id\":\"https:\/\/concettaprobanza.com\/#\/schema\/person\/image\/\",\"url\":\"https:\/\/secure.gravatar.com\/avatar\/2895801805260831e586d6eeb943d37702ea810e5f9c4c25f1c197a5fd1da9cf?s=96&d=mm&r=g\",\"contentUrl\":\"https:\/\/secure.gravatar.com\/avatar\/2895801805260831e586d6eeb943d37702ea810e5f9c4c25f1c197a5fd1da9cf?s=96&d=mm&r=g\",\"caption\":\"jw2geq\"},\"url\":\"https:\/\/concettaprobanza.com\/eu\/author\/jw2geq\/\"}]}<\/script>\n<!-- \/ Yoast SEO plugin. -->","yoast_head_json":{"title":"Dise\u00f1o de Carteles y Portadas | Ilustraciones y Proyectos Creativos","description":"Una portada no es un envoltorio, es una promesa. Descubre c\u00f3mo fusiono el grabado tradicional y el dise\u00f1o digital para crear im\u00e1genes","robots":{"index":"index","follow":"follow","max-snippet":"max-snippet:-1","max-image-preview":"max-image-preview:large","max-video-preview":"max-video-preview:-1"},"canonical":"https:\/\/concettaprobanza.com\/eu\/concettaprobanza-com-blog-diseno-carteles-portadas-ilustracion-artistica\/","og_locale":"en_US","og_type":"article","og_title":"Dise\u00f1o de Carteles y Portadas | Ilustraciones y Proyectos Creativos","og_description":"Una portada no es un envoltorio, es una promesa. Descubre c\u00f3mo fusiono el grabado tradicional y el dise\u00f1o digital para crear im\u00e1genes","og_url":"https:\/\/concettaprobanza.com\/eu\/concettaprobanza-com-blog-diseno-carteles-portadas-ilustracion-artistica\/","og_site_name":"Concetta Probanza","article_published_time":"2026-01-27T11:20:13+00:00","article_modified_time":"2026-01-27T11:20:14+00:00","og_image":[{"width":603,"height":582,"url":"https:\/\/concettaprobanza.com\/wp-content\/uploads\/2025\/04\/AzalaIzarUxo03-2.jpg","type":"image\/jpeg"}],"author":"jw2geq","twitter_card":"summary_large_image","twitter_misc":{"Written by":"jw2geq","Est. reading time":"9 minutua"},"schema":{"@context":"https:\/\/schema.org","@graph":[{"@type":"WebPage","@id":"https:\/\/concettaprobanza.com\/concettaprobanza-com-blog-diseno-carteles-portadas-ilustracion-artistica\/","url":"https:\/\/concettaprobanza.com\/concettaprobanza-com-blog-diseno-carteles-portadas-ilustracion-artistica\/","name":"Dise\u00f1o de Carteles y Portadas | Ilustraciones y Proyectos Creativos","isPartOf":{"@id":"https:\/\/concettaprobanza.com\/#website"},"primaryImageOfPage":{"@id":"https:\/\/concettaprobanza.com\/concettaprobanza-com-blog-diseno-carteles-portadas-ilustracion-artistica\/#primaryimage"},"image":{"@id":"https:\/\/concettaprobanza.com\/concettaprobanza-com-blog-diseno-carteles-portadas-ilustracion-artistica\/#primaryimage"},"thumbnailUrl":"https:\/\/concettaprobanza.com\/wp-content\/uploads\/2025\/04\/AzalaIzarUxo03-2.jpg","datePublished":"2026-01-27T11:20:13+00:00","dateModified":"2026-01-27T11:20:14+00:00","author":{"@id":"https:\/\/concettaprobanza.com\/#\/schema\/person\/e7b2bbbf148ecb746d5eed3966f2ff3a"},"description":"Una portada no es un envoltorio, es una promesa. Descubre c\u00f3mo fusiono el grabado tradicional y el dise\u00f1o digital para crear im\u00e1genes","breadcrumb":{"@id":"https:\/\/concettaprobanza.com\/concettaprobanza-com-blog-diseno-carteles-portadas-ilustracion-artistica\/#breadcrumb"},"inLanguage":"eu","potentialAction":[{"@type":"ReadAction","target":["https:\/\/concettaprobanza.com\/concettaprobanza-com-blog-diseno-carteles-portadas-ilustracion-artistica\/"]}]},{"@type":"ImageObject","inLanguage":"eu","@id":"https:\/\/concettaprobanza.com\/concettaprobanza-com-blog-diseno-carteles-portadas-ilustracion-artistica\/#primaryimage","url":"https:\/\/concettaprobanza.com\/wp-content\/uploads\/2025\/04\/AzalaIzarUxo03-2.jpg","contentUrl":"https:\/\/concettaprobanza.com\/wp-content\/uploads\/2025\/04\/AzalaIzarUxo03-2.jpg","width":603,"height":582,"caption":"Dise\u00f1o de cartel cultural para teatro creado con texturas org\u00e1nicas e ilustraci\u00f3n vectorial por Concetta Probanza."},{"@type":"BreadcrumbList","@id":"https:\/\/concettaprobanza.com\/concettaprobanza-com-blog-diseno-carteles-portadas-ilustracion-artistica\/#breadcrumb","itemListElement":[{"@type":"ListItem","position":1,"name":"Portada","item":"https:\/\/concettaprobanza.com\/"},{"@type":"ListItem","position":2,"name":"Dise\u00f1o de Carteles y Portadas | Ilustraciones y Proyectos Creativos"}]},{"@type":"WebSite","@id":"https:\/\/concettaprobanza.com\/#website","url":"https:\/\/concettaprobanza.com\/","name":"Concetta Probanza","description":"Concetta Probanza es una ilustradora con formaci\u00f3n en Bellas Artes y grabado, cuya trayectoria lo llev\u00f3 del lienzo y la madera al mundo editorial y el arte digital. Sus ilustraciones, llenas de detalle y sensibilidad, evocan los paisajes y culturas que descubri\u00f3 en sus viajes por Senegal, Camer\u00fan, Indonesia y Jap\u00f3n.","potentialAction":[{"@type":"SearchAction","target":{"@type":"EntryPoint","urlTemplate":"https:\/\/concettaprobanza.com\/?s={search_term_string}"},"query-input":{"@type":"PropertyValueSpecification","valueRequired":true,"valueName":"search_term_string"}}],"inLanguage":"eu"},{"@type":"Person","@id":"https:\/\/concettaprobanza.com\/#\/schema\/person\/e7b2bbbf148ecb746d5eed3966f2ff3a","name":"jw2geq","image":{"@type":"ImageObject","inLanguage":"eu","@id":"https:\/\/concettaprobanza.com\/#\/schema\/person\/image\/","url":"https:\/\/secure.gravatar.com\/avatar\/2895801805260831e586d6eeb943d37702ea810e5f9c4c25f1c197a5fd1da9cf?s=96&d=mm&r=g","contentUrl":"https:\/\/secure.gravatar.com\/avatar\/2895801805260831e586d6eeb943d37702ea810e5f9c4c25f1c197a5fd1da9cf?s=96&d=mm&r=g","caption":"jw2geq"},"url":"https:\/\/concettaprobanza.com\/eu\/author\/jw2geq\/"}]}},"_links":{"self":[{"href":"https:\/\/concettaprobanza.com\/eu\/wp-json\/wp\/v2\/posts\/30954","targetHints":{"allow":["GET"]}}],"collection":[{"href":"https:\/\/concettaprobanza.com\/eu\/wp-json\/wp\/v2\/posts"}],"about":[{"href":"https:\/\/concettaprobanza.com\/eu\/wp-json\/wp\/v2\/types\/post"}],"author":[{"embeddable":true,"href":"https:\/\/concettaprobanza.com\/eu\/wp-json\/wp\/v2\/users\/2"}],"replies":[{"embeddable":true,"href":"https:\/\/concettaprobanza.com\/eu\/wp-json\/wp\/v2\/comments?post=30954"}],"version-history":[{"count":0,"href":"https:\/\/concettaprobanza.com\/eu\/wp-json\/wp\/v2\/posts\/30954\/revisions"}],"wp:featuredmedia":[{"embeddable":true,"href":"https:\/\/concettaprobanza.com\/eu\/wp-json\/wp\/v2\/media\/30608"}],"wp:attachment":[{"href":"https:\/\/concettaprobanza.com\/eu\/wp-json\/wp\/v2\/media?parent=30954"}],"wp:term":[{"taxonomy":"category","embeddable":true,"href":"https:\/\/concettaprobanza.com\/eu\/wp-json\/wp\/v2\/categories?post=30954"},{"taxonomy":"post_tag","embeddable":true,"href":"https:\/\/concettaprobanza.com\/eu\/wp-json\/wp\/v2\/tags?post=30954"}],"curies":[{"name":"wp","href":"https:\/\/api.w.org\/{rel}","templated":true}]}}